{"id":1219,"date":"2024-07-12T11:49:25","date_gmt":"2024-07-12T11:49:25","guid":{"rendered":"https:\/\/www.horscategoriegirona.cc\/?p=1219"},"modified":"2024-07-12T11:49:25","modified_gmt":"2024-07-12T11:49:25","slug":"el-impacto-ambiental-de-las-cafeterias-compromiso-y-sostenibilidad-en-una-cafeteria","status":"publish","type":"post","link":"https:\/\/www.horscategoriegirona.cc\/ca\/el-impacto-ambiental-de-las-cafeterias-compromiso-y-sostenibilidad-en-una-cafeteria\/","title":{"rendered":"El impacto ambiental de las cafeter\u00edas: compromiso y sostenibilidad en una cafeter\u00eda"},"content":{"rendered":"<h2>Descubre c\u00f3mo las decisiones diarias en una cafeter\u00eda pueden hacer la diferencia en el medio ambiente.<\/h2>\n<p>En el tranquilo entorno de Girona, una ciudad conocida por su encanto hist\u00f3rico y cultural en Catalu\u00f1a, las cafeter\u00edas no solo sirven caf\u00e9, sino que tambi\u00e9n juegan un papel crucial en la comunidad y en el medio ambiente local. Cada taza de caf\u00e9 tiene un impacto ambiental, desde la producci\u00f3n de granos hasta el compostaje de posos, y las cafeter\u00edas est\u00e1n adoptando medidas para mitigar este impacto en el d\u00eda a d\u00eda.<\/p>\n<p><img fetchpriority=\"high\" decoding=\"async\" class=\"size-full wp-image-1221 aligncenter\" src=\"https:\/\/www.horscategoriegirona.cc\/wp-content\/uploads\/2024\/07\/cafeteria-girona.jpg\" alt=\"\" width=\"900\" height=\"600\" srcset=\"https:\/\/www.horscategoriegirona.cc\/wp-content\/uploads\/2024\/07\/cafeteria-girona.jpg 900w, https:\/\/www.horscategoriegirona.cc\/wp-content\/uploads\/2024\/07\/cafeteria-girona-300x200.jpg 300w, https:\/\/www.horscategoriegirona.cc\/wp-content\/uploads\/2024\/07\/cafeteria-girona-768x512.jpg 768w, https:\/\/www.horscategoriegirona.cc\/wp-content\/uploads\/2024\/07\/cafeteria-girona-18x12.jpg 18w\" sizes=\"(max-width: 900px) 100vw, 900px\" \/><\/p>\n<h3><strong>Pr\u00e1cticas Sostenibles: Un Ejemplo en Girona<\/strong><\/h3>\n<p>Una <a href=\"https:\/\/www.horscategoriegirona.cc\/ca\/brunch-en-girona\/\"><strong>cafeter\u00eda <\/strong>en <strong>Girona<\/strong><\/a> puede ser un microcosmos de decisiones sostenibles. Desde el uso de productos locales hasta la elecci\u00f3n de materiales de embalaje biodegradables, estos establecimientos est\u00e1n liderando el camino hacia pr\u00e1cticas m\u00e1s ecol\u00f3gicas. Reducir la huella de carbono se ha convertido en una prioridad, con muchos establecimientos optando por fuentes de energ\u00eda renovables y m\u00e9todos de transporte sostenibles para los suministros.<\/p>\n<h3><strong>El Papel de los Posos de Caf\u00e9 en la Sostenibilidad<\/strong><\/h3>\n<p>En el coraz\u00f3n de Girona, los posos de caf\u00e9 juegan un papel sorprendente en la sostenibilidad. En lugar de desecharlos, algunas cafeter\u00edas los utilizan como fertilizante para jardines locales o como base para productos de belleza naturales. Esta pr\u00e1ctica no solo reduce los residuos enviados a los vertederos, sino que tambi\u00e9n cierra el ciclo natural del caf\u00e9, devolviendo nutrientes al suelo.<\/p>\n<p><img decoding=\"async\" class=\"size-full wp-image-1223 aligncenter\" src=\"https:\/\/www.horscategoriegirona.cc\/wp-content\/uploads\/2024\/07\/cafeteria-girona-2.jpg\" alt=\"\" width=\"900\" height=\"600\" srcset=\"https:\/\/www.horscategoriegirona.cc\/wp-content\/uploads\/2024\/07\/cafeteria-girona-2.jpg 900w, https:\/\/www.horscategoriegirona.cc\/wp-content\/uploads\/2024\/07\/cafeteria-girona-2-300x200.jpg 300w, https:\/\/www.horscategoriegirona.cc\/wp-content\/uploads\/2024\/07\/cafeteria-girona-2-768x512.jpg 768w, https:\/\/www.horscategoriegirona.cc\/wp-content\/uploads\/2024\/07\/cafeteria-girona-2-18x12.jpg 18w\" sizes=\"(max-width: 900px) 100vw, 900px\" \/><\/p>\n<h3><strong>Educaci\u00f3n y Concienciaci\u00f3n Ambiental<\/strong><\/h3>\n<p>Una <strong>cafeter\u00eda <\/strong>en <strong>Girona<\/strong> tambi\u00e9n puede ser un punto de encuentro para discusiones sobre el cambio clim\u00e1tico y la sostenibilidad. Organizar eventos comunitarios centrados en el medio ambiente no solo educa a los clientes sobre las decisiones diarias que pueden tomar, sino que tambi\u00e9n fortalece los lazos dentro de la comunidad. Estos eventos pueden incluir talleres sobre compostaje, charlas sobre agricultura sostenible o proyecciones de documentales sobre temas ambientales.<\/p>\n<p>Los desaf\u00edos persisten, sin embargo. A pesar de los esfuerzos por reducir el uso de pl\u00e1sticos de un solo uso, algunas cafeter\u00edas en Girona a\u00fan luchan por encontrar alternativas viables y accesibles. La log\u00edstica de reciclaje y compostaje puede ser complicada en un entorno urbano, donde los recursos y la infraestructura a menudo son limitados.<\/p>\n<h3><strong>El Impacto Global de las Decisiones Locales<\/strong><\/h3>\n<p>Sin embargo, el impulso hacia la sostenibilidad en <strong>una cafeter\u00eda <\/strong>en <strong>Girona<\/strong> es un reflejo del cambio global hacia pr\u00e1cticas m\u00e1s responsables. Las iniciativas locales pueden inspirar a otros negocios y a la comunidad en general a tomar medidas similares. Con el apoyo de los clientes y el compromiso con la mejora continua, estas peque\u00f1as acciones pueden tener un impacto significativo en la salud del planeta.<\/p>\n<p>En \u00faltima instancia, el impacto ambiental de <strong>una cafeter\u00eda <\/strong>en <strong>Girona<\/strong> va m\u00e1s all\u00e1 de las estad\u00edsticas y los informes. Es un compromiso con el futuro de la ciudad y del mundo natural que la rodea. Cada compra y cada elecci\u00f3n cuenta, desde el caf\u00e9 de comercio justo hasta los esfuerzos por reducir los residuos. Al adoptar pr\u00e1cticas sostenibles, las cafeter\u00edas no solo protegen el medio ambiente, sino que tambi\u00e9n se convierten en l\u00edderes de cambio en sus comunidades locales.<\/p>\n<p><img decoding=\"async\" class=\"size-full wp-image-1222 aligncenter\" src=\"https:\/\/www.horscategoriegirona.cc\/wp-content\/uploads\/2024\/07\/cafeteria-girona-1.jpg\" alt=\"\" width=\"900\" height=\"600\" srcset=\"https:\/\/www.horscategoriegirona.cc\/wp-content\/uploads\/2024\/07\/cafeteria-girona-1.jpg 900w, https:\/\/www.horscategoriegirona.cc\/wp-content\/uploads\/2024\/07\/cafeteria-girona-1-300x200.jpg 300w, https:\/\/www.horscategoriegirona.cc\/wp-content\/uploads\/2024\/07\/cafeteria-girona-1-768x512.jpg 768w, https:\/\/www.horscategoriegirona.cc\/wp-content\/uploads\/2024\/07\/cafeteria-girona-1-18x12.jpg 18w\" sizes=\"(max-width: 900px) 100vw, 900px\" \/><\/p>\n<p>As\u00ed que la pr\u00f3xima vez que disfrutes de una taza de caf\u00e9 en una cafeter\u00eda en Girona, t\u00f3mate un momento para apreciar no solo el sabor del caf\u00e9, sino tambi\u00e9n el impacto positivo que tus decisiones pueden tener en el mundo que compartimos.<\/p>\n<p>&nbsp;<\/p>","protected":false},"excerpt":{"rendered":"<p>Descubre c\u00f3mo las decisiones diarias en una cafeter\u00eda pueden hacer la diferencia en el medio ambiente. En el tranquilo entorno de Girona, una ciudad conocida por su encanto hist\u00f3rico y cultural en Catalu\u00f1a, las cafeter\u00edas no solo sirven caf\u00e9, sino que tambi\u00e9n juegan un papel crucial en la comunidad y en el medio ambiente local.&hellip;&nbsp;<\/p>","protected":false},"author":2,"featured_media":1224,"comment_status":"open","ping_status":"open","sticky":false,"template":"","format":"standard","meta":{"neve_meta_sidebar":"","neve_meta_container":"","neve_meta_enable_content_width":"off","neve_meta_content_width":70,"neve_meta_title_alignment":"","neve_meta_author_avatar":"","neve_post_elements_order":"","neve_meta_disable_header":"","neve_meta_disable_footer":"","neve_meta_disable_title":"","footnotes":""},"categories":[13],"tags":[20],"class_list":["post-1219","post","type-post","status-publish","format-standard","has-post-thumbnail","hentry","category-cafeteria-en-girona","tag-cafeteria-girona"],"yoast_head":"<!-- This site is optimized with the Yoast SEO plugin v27.1.1 - https:\/\/yoast.com\/product\/yoast-seo-wordpress\/ -->\n<title>El impacto ambiental de las cafeter\u00edas: compromiso y sostenibilidad en una cafeter\u00eda - Hors Cat\u00e9gorie | Cafeter\u00eda de comida sana, caf\u00e9 y ciclismo en Girona<\/title>\n<meta name=\"description\" content=\"Descubre el impacto ambiental de una cafeter\u00eda en Girona y c\u00f3mo sus pr\u00e1cticas sostenibles benefician a la comunidad y al planeta.\" \/>\n<meta name=\"robots\" content=\"index, follow, max-snippet:-1, max-image-preview:large, max-video-preview:-1\" \/>\n<link rel=\"canonical\" href=\"https:\/\/www.horscategoriegirona.cc\/ca\/el-impacto-ambiental-de-las-cafeterias-compromiso-y-sostenibilidad-en-una-cafeteria\/\" \/>\n<meta property=\"og:locale\" content=\"ca_ES\" \/>\n<meta property=\"og:type\" content=\"article\" \/>\n<meta property=\"og:title\" content=\"El impacto ambiental de las cafeter\u00edas: compromiso y sostenibilidad en una cafeter\u00eda - Hors Cat\u00e9gorie | Cafeter\u00eda de comida sana, caf\u00e9 y ciclismo en Girona\" \/>\n<meta property=\"og:description\" content=\"Descubre el impacto ambiental de una cafeter\u00eda en Girona y c\u00f3mo sus pr\u00e1cticas sostenibles benefician a la comunidad y al planeta.\" \/>\n<meta property=\"og:url\" content=\"https:\/\/www.horscategoriegirona.cc\/ca\/el-impacto-ambiental-de-las-cafeterias-compromiso-y-sostenibilidad-en-una-cafeteria\/\" \/>\n<meta property=\"og:site_name\" content=\"Hors Cat\u00e9gorie | Cafeter\u00eda de comida sana, caf\u00e9 y ciclismo en Girona\" \/>\n<meta property=\"article:published_time\" content=\"2024-07-12T11:49:25+00:00\" \/>\n<meta property=\"og:image\" content=\"https:\/\/www.horscategoriegirona.cc\/wp-content\/uploads\/2024\/07\/cafeteria-girona-3.jpg\" \/>\n\t<meta property=\"og:image:width\" content=\"900\" \/>\n\t<meta property=\"og:image:height\" content=\"600\" \/>\n\t<meta property=\"og:image:type\" content=\"image\/jpeg\" \/>\n<meta name=\"author\" content=\"admhcbikes\" \/>\n<meta name=\"twitter:card\" content=\"summary_large_image\" \/>\n<meta name=\"twitter:label1\" content=\"Escrit per\" \/>\n\t<meta name=\"twitter:data1\" content=\"admhcbikes\" \/>\n\t<meta name=\"twitter:label2\" content=\"Temps estimat de lectura\" \/>\n\t<meta name=\"twitter:data2\" content=\"4 minuts\" \/>\n<script type=\"application\/ld+json\" class=\"yoast-schema-graph\">{\"@context\":\"https:\/\/schema.org\",\"@graph\":[{\"@type\":\"Article\",\"@id\":\"https:\/\/www.horscategoriegirona.cc\/el-impacto-ambiental-de-las-cafeterias-compromiso-y-sostenibilidad-en-una-cafeteria\/#article\",\"isPartOf\":{\"@id\":\"https:\/\/www.horscategoriegirona.cc\/el-impacto-ambiental-de-las-cafeterias-compromiso-y-sostenibilidad-en-una-cafeteria\/\"},\"author\":{\"name\":\"admhcbikes\",\"@id\":\"https:\/\/www.horscategoriegirona.cc\/#\/schema\/person\/653785dee0eb39fcb2d876a937cfdd90\"},\"headline\":\"El impacto ambiental de las cafeter\u00edas: compromiso y sostenibilidad en una cafeter\u00eda\",\"datePublished\":\"2024-07-12T11:49:25+00:00\",\"mainEntityOfPage\":{\"@id\":\"https:\/\/www.horscategoriegirona.cc\/el-impacto-ambiental-de-las-cafeterias-compromiso-y-sostenibilidad-en-una-cafeteria\/\"},\"wordCount\":618,\"commentCount\":0,\"image\":{\"@id\":\"https:\/\/www.horscategoriegirona.cc\/el-impacto-ambiental-de-las-cafeterias-compromiso-y-sostenibilidad-en-una-cafeteria\/#primaryimage\"},\"thumbnailUrl\":\"https:\/\/www.horscategoriegirona.cc\/wp-content\/uploads\/2024\/07\/cafeteria-girona-3.jpg\",\"keywords\":[\"cafeteria girona\"],\"articleSection\":[\"Cafeter\u00eda en Girona\"],\"inLanguage\":\"ca\",\"potentialAction\":[{\"@type\":\"CommentAction\",\"name\":\"Comment\",\"target\":[\"https:\/\/www.horscategoriegirona.cc\/el-impacto-ambiental-de-las-cafeterias-compromiso-y-sostenibilidad-en-una-cafeteria\/#respond\"]}]},{\"@type\":\"WebPage\",\"@id\":\"https:\/\/www.horscategoriegirona.cc\/el-impacto-ambiental-de-las-cafeterias-compromiso-y-sostenibilidad-en-una-cafeteria\/\",\"url\":\"https:\/\/www.horscategoriegirona.cc\/el-impacto-ambiental-de-las-cafeterias-compromiso-y-sostenibilidad-en-una-cafeteria\/\",\"name\":\"El impacto ambiental de las cafeter\u00edas: compromiso y sostenibilidad en una cafeter\u00eda - Hors Cat\u00e9gorie | Cafeter\u00eda de comida sana, caf\u00e9 y ciclismo en Girona\",\"isPartOf\":{\"@id\":\"https:\/\/www.horscategoriegirona.cc\/#website\"},\"primaryImageOfPage\":{\"@id\":\"https:\/\/www.horscategoriegirona.cc\/el-impacto-ambiental-de-las-cafeterias-compromiso-y-sostenibilidad-en-una-cafeteria\/#primaryimage\"},\"image\":{\"@id\":\"https:\/\/www.horscategoriegirona.cc\/el-impacto-ambiental-de-las-cafeterias-compromiso-y-sostenibilidad-en-una-cafeteria\/#primaryimage\"},\"thumbnailUrl\":\"https:\/\/www.horscategoriegirona.cc\/wp-content\/uploads\/2024\/07\/cafeteria-girona-3.jpg\",\"datePublished\":\"2024-07-12T11:49:25+00:00\",\"author\":{\"@id\":\"https:\/\/www.horscategoriegirona.cc\/#\/schema\/person\/653785dee0eb39fcb2d876a937cfdd90\"},\"description\":\"Descubre el impacto ambiental de una cafeter\u00eda en Girona y c\u00f3mo sus pr\u00e1cticas sostenibles benefician a la comunidad y al planeta.\",\"breadcrumb\":{\"@id\":\"https:\/\/www.horscategoriegirona.cc\/el-impacto-ambiental-de-las-cafeterias-compromiso-y-sostenibilidad-en-una-cafeteria\/#breadcrumb\"},\"inLanguage\":\"ca\",\"potentialAction\":[{\"@type\":\"ReadAction\",\"target\":[\"https:\/\/www.horscategoriegirona.cc\/el-impacto-ambiental-de-las-cafeterias-compromiso-y-sostenibilidad-en-una-cafeteria\/\"]}]},{\"@type\":\"ImageObject\",\"inLanguage\":\"ca\",\"@id\":\"https:\/\/www.horscategoriegirona.cc\/el-impacto-ambiental-de-las-cafeterias-compromiso-y-sostenibilidad-en-una-cafeteria\/#primaryimage\",\"url\":\"https:\/\/www.horscategoriegirona.cc\/wp-content\/uploads\/2024\/07\/cafeteria-girona-3.jpg\",\"contentUrl\":\"https:\/\/www.horscategoriegirona.cc\/wp-content\/uploads\/2024\/07\/cafeteria-girona-3.jpg\",\"width\":900,\"height\":600},{\"@type\":\"BreadcrumbList\",\"@id\":\"https:\/\/www.horscategoriegirona.cc\/el-impacto-ambiental-de-las-cafeterias-compromiso-y-sostenibilidad-en-una-cafeteria\/#breadcrumb\",\"itemListElement\":[{\"@type\":\"ListItem\",\"position\":1,\"name\":\"Portada\",\"item\":\"https:\/\/www.horscategoriegirona.cc\/\"},{\"@type\":\"ListItem\",\"position\":2,\"name\":\"El impacto ambiental de las cafeter\u00edas: compromiso y sostenibilidad en una cafeter\u00eda\"}]},{\"@type\":\"WebSite\",\"@id\":\"https:\/\/www.horscategoriegirona.cc\/#website\",\"url\":\"https:\/\/www.horscategoriegirona.cc\/\",\"name\":\"Hors Cat\u00e9gorie | Cafeter\u00eda de comida sana, caf\u00e9 y ciclismo en Girona\",\"description\":\"Hors Cat\u00e9gorie es la cafeter\u00eda de Girona con los mejores platos de comida saludable, caf\u00e9 de especialidad, cerveza artesanal y complementos de ciclismo.\",\"potentialAction\":[{\"@type\":\"SearchAction\",\"target\":{\"@type\":\"EntryPoint\",\"urlTemplate\":\"https:\/\/www.horscategoriegirona.cc\/?s={search_term_string}\"},\"query-input\":{\"@type\":\"PropertyValueSpecification\",\"valueRequired\":true,\"valueName\":\"search_term_string\"}}],\"inLanguage\":\"ca\"},{\"@type\":\"Person\",\"@id\":\"https:\/\/www.horscategoriegirona.cc\/#\/schema\/person\/653785dee0eb39fcb2d876a937cfdd90\",\"name\":\"admhcbikes\",\"image\":{\"@type\":\"ImageObject\",\"inLanguage\":\"ca\",\"@id\":\"https:\/\/www.horscategoriegirona.cc\/#\/schema\/person\/image\/\",\"url\":\"https:\/\/secure.gravatar.com\/avatar\/ab10b60551e807f6b37d54bb09e40bc41b08e3828d46504634ad6f35da1b46dc?s=96&d=mm&r=g\",\"contentUrl\":\"https:\/\/secure.gravatar.com\/avatar\/ab10b60551e807f6b37d54bb09e40bc41b08e3828d46504634ad6f35da1b46dc?s=96&d=mm&r=g\",\"caption\":\"admhcbikes\"},\"url\":\"https:\/\/www.horscategoriegirona.cc\/ca\/author\/admhcbikes\/\"}]}<\/script>\n<!-- \/ Yoast SEO plugin. -->","yoast_head_json":{"title":"El impacto ambiental de las cafeter\u00edas: compromiso y sostenibilidad en una cafeter\u00eda - Hors Cat\u00e9gorie | Cafeter\u00eda de comida sana, caf\u00e9 y ciclismo en Girona","description":"Descubre el impacto ambiental de una cafeter\u00eda en Girona y c\u00f3mo sus pr\u00e1cticas sostenibles benefician a la comunidad y al planeta.","robots":{"index":"index","follow":"follow","max-snippet":"max-snippet:-1","max-image-preview":"max-image-preview:large","max-video-preview":"max-video-preview:-1"},"canonical":"https:\/\/www.horscategoriegirona.cc\/ca\/el-impacto-ambiental-de-las-cafeterias-compromiso-y-sostenibilidad-en-una-cafeteria\/","og_locale":"ca_ES","og_type":"article","og_title":"El impacto ambiental de las cafeter\u00edas: compromiso y sostenibilidad en una cafeter\u00eda - Hors Cat\u00e9gorie | Cafeter\u00eda de comida sana, caf\u00e9 y ciclismo en Girona","og_description":"Descubre el impacto ambiental de una cafeter\u00eda en Girona y c\u00f3mo sus pr\u00e1cticas sostenibles benefician a la comunidad y al planeta.","og_url":"https:\/\/www.horscategoriegirona.cc\/ca\/el-impacto-ambiental-de-las-cafeterias-compromiso-y-sostenibilidad-en-una-cafeteria\/","og_site_name":"Hors Cat\u00e9gorie | Cafeter\u00eda de comida sana, caf\u00e9 y ciclismo en Girona","article_published_time":"2024-07-12T11:49:25+00:00","og_image":[{"width":900,"height":600,"url":"https:\/\/www.horscategoriegirona.cc\/wp-content\/uploads\/2024\/07\/cafeteria-girona-3.jpg","type":"image\/jpeg"}],"author":"admhcbikes","twitter_card":"summary_large_image","twitter_misc":{"Escrit per":"admhcbikes","Temps estimat de lectura":"4 minuts"},"schema":{"@context":"https:\/\/schema.org","@graph":[{"@type":"Article","@id":"https:\/\/www.horscategoriegirona.cc\/el-impacto-ambiental-de-las-cafeterias-compromiso-y-sostenibilidad-en-una-cafeteria\/#article","isPartOf":{"@id":"https:\/\/www.horscategoriegirona.cc\/el-impacto-ambiental-de-las-cafeterias-compromiso-y-sostenibilidad-en-una-cafeteria\/"},"author":{"name":"admhcbikes","@id":"https:\/\/www.horscategoriegirona.cc\/#\/schema\/person\/653785dee0eb39fcb2d876a937cfdd90"},"headline":"El impacto ambiental de las cafeter\u00edas: compromiso y sostenibilidad en una cafeter\u00eda","datePublished":"2024-07-12T11:49:25+00:00","mainEntityOfPage":{"@id":"https:\/\/www.horscategoriegirona.cc\/el-impacto-ambiental-de-las-cafeterias-compromiso-y-sostenibilidad-en-una-cafeteria\/"},"wordCount":618,"commentCount":0,"image":{"@id":"https:\/\/www.horscategoriegirona.cc\/el-impacto-ambiental-de-las-cafeterias-compromiso-y-sostenibilidad-en-una-cafeteria\/#primaryimage"},"thumbnailUrl":"https:\/\/www.horscategoriegirona.cc\/wp-content\/uploads\/2024\/07\/cafeteria-girona-3.jpg","keywords":["cafeteria girona"],"articleSection":["Cafeter\u00eda en Girona"],"inLanguage":"ca","potentialAction":[{"@type":"CommentAction","name":"Comment","target":["https:\/\/www.horscategoriegirona.cc\/el-impacto-ambiental-de-las-cafeterias-compromiso-y-sostenibilidad-en-una-cafeteria\/#respond"]}]},{"@type":"WebPage","@id":"https:\/\/www.horscategoriegirona.cc\/el-impacto-ambiental-de-las-cafeterias-compromiso-y-sostenibilidad-en-una-cafeteria\/","url":"https:\/\/www.horscategoriegirona.cc\/el-impacto-ambiental-de-las-cafeterias-compromiso-y-sostenibilidad-en-una-cafeteria\/","name":"El impacto ambiental de las cafeter\u00edas: compromiso y sostenibilidad en una cafeter\u00eda - Hors Cat\u00e9gorie | Cafeter\u00eda de comida sana, caf\u00e9 y ciclismo en Girona","isPartOf":{"@id":"https:\/\/www.horscategoriegirona.cc\/#website"},"primaryImageOfPage":{"@id":"https:\/\/www.horscategoriegirona.cc\/el-impacto-ambiental-de-las-cafeterias-compromiso-y-sostenibilidad-en-una-cafeteria\/#primaryimage"},"image":{"@id":"https:\/\/www.horscategoriegirona.cc\/el-impacto-ambiental-de-las-cafeterias-compromiso-y-sostenibilidad-en-una-cafeteria\/#primaryimage"},"thumbnailUrl":"https:\/\/www.horscategoriegirona.cc\/wp-content\/uploads\/2024\/07\/cafeteria-girona-3.jpg","datePublished":"2024-07-12T11:49:25+00:00","author":{"@id":"https:\/\/www.horscategoriegirona.cc\/#\/schema\/person\/653785dee0eb39fcb2d876a937cfdd90"},"description":"Descubre el impacto ambiental de una cafeter\u00eda en Girona y c\u00f3mo sus pr\u00e1cticas sostenibles benefician a la comunidad y al planeta.","breadcrumb":{"@id":"https:\/\/www.horscategoriegirona.cc\/el-impacto-ambiental-de-las-cafeterias-compromiso-y-sostenibilidad-en-una-cafeteria\/#breadcrumb"},"inLanguage":"ca","potentialAction":[{"@type":"ReadAction","target":["https:\/\/www.horscategoriegirona.cc\/el-impacto-ambiental-de-las-cafeterias-compromiso-y-sostenibilidad-en-una-cafeteria\/"]}]},{"@type":"ImageObject","inLanguage":"ca","@id":"https:\/\/www.horscategoriegirona.cc\/el-impacto-ambiental-de-las-cafeterias-compromiso-y-sostenibilidad-en-una-cafeteria\/#primaryimage","url":"https:\/\/www.horscategoriegirona.cc\/wp-content\/uploads\/2024\/07\/cafeteria-girona-3.jpg","contentUrl":"https:\/\/www.horscategoriegirona.cc\/wp-content\/uploads\/2024\/07\/cafeteria-girona-3.jpg","width":900,"height":600},{"@type":"BreadcrumbList","@id":"https:\/\/www.horscategoriegirona.cc\/el-impacto-ambiental-de-las-cafeterias-compromiso-y-sostenibilidad-en-una-cafeteria\/#breadcrumb","itemListElement":[{"@type":"ListItem","position":1,"name":"Portada","item":"https:\/\/www.horscategoriegirona.cc\/"},{"@type":"ListItem","position":2,"name":"El impacto ambiental de las cafeter\u00edas: compromiso y sostenibilidad en una cafeter\u00eda"}]},{"@type":"WebSite","@id":"https:\/\/www.horscategoriegirona.cc\/#website","url":"https:\/\/www.horscategoriegirona.cc\/","name":"Hors Cat\u00e9gorie | Cafeter\u00eda de comida sana, caf\u00e9 y ciclismo en Girona","description":"Hors Cat\u00e9gorie es la cafeter\u00eda de Girona con los mejores platos de comida saludable, caf\u00e9 de especialidad, cerveza artesanal y complementos de ciclismo.","potentialAction":[{"@type":"SearchAction","target":{"@type":"EntryPoint","urlTemplate":"https:\/\/www.horscategoriegirona.cc\/?s={search_term_string}"},"query-input":{"@type":"PropertyValueSpecification","valueRequired":true,"valueName":"search_term_string"}}],"inLanguage":"ca"},{"@type":"Person","@id":"https:\/\/www.horscategoriegirona.cc\/#\/schema\/person\/653785dee0eb39fcb2d876a937cfdd90","name":"admhcbikes","image":{"@type":"ImageObject","inLanguage":"ca","@id":"https:\/\/www.horscategoriegirona.cc\/#\/schema\/person\/image\/","url":"https:\/\/secure.gravatar.com\/avatar\/ab10b60551e807f6b37d54bb09e40bc41b08e3828d46504634ad6f35da1b46dc?s=96&d=mm&r=g","contentUrl":"https:\/\/secure.gravatar.com\/avatar\/ab10b60551e807f6b37d54bb09e40bc41b08e3828d46504634ad6f35da1b46dc?s=96&d=mm&r=g","caption":"admhcbikes"},"url":"https:\/\/www.horscategoriegirona.cc\/ca\/author\/admhcbikes\/"}]}},"_links":{"self":[{"href":"https:\/\/www.horscategoriegirona.cc\/ca\/wp-json\/wp\/v2\/posts\/1219","targetHints":{"allow":["GET"]}}],"collection":[{"href":"https:\/\/www.horscategoriegirona.cc\/ca\/wp-json\/wp\/v2\/posts"}],"about":[{"href":"https:\/\/www.horscategoriegirona.cc\/ca\/wp-json\/wp\/v2\/types\/post"}],"author":[{"embeddable":true,"href":"https:\/\/www.horscategoriegirona.cc\/ca\/wp-json\/wp\/v2\/users\/2"}],"replies":[{"embeddable":true,"href":"https:\/\/www.horscategoriegirona.cc\/ca\/wp-json\/wp\/v2\/comments?post=1219"}],"version-history":[{"count":2,"href":"https:\/\/www.horscategoriegirona.cc\/ca\/wp-json\/wp\/v2\/posts\/1219\/revisions"}],"predecessor-version":[{"id":1225,"href":"https:\/\/www.horscategoriegirona.cc\/ca\/wp-json\/wp\/v2\/posts\/1219\/revisions\/1225"}],"wp:featuredmedia":[{"embeddable":true,"href":"https:\/\/www.horscategoriegirona.cc\/ca\/wp-json\/wp\/v2\/media\/1224"}],"wp:attachment":[{"href":"https:\/\/www.horscategoriegirona.cc\/ca\/wp-json\/wp\/v2\/media?parent=1219"}],"wp:term":[{"taxonomy":"category","embeddable":true,"href":"https:\/\/www.horscategoriegirona.cc\/ca\/wp-json\/wp\/v2\/categories?post=1219"},{"taxonomy":"post_tag","embeddable":true,"href":"https:\/\/www.horscategoriegirona.cc\/ca\/wp-json\/wp\/v2\/tags?post=1219"}],"curies":[{"name":"wp","href":"https:\/\/api.w.org\/{rel}","templated":true}]}}